{"id":25886,"date":"2024-09-09T12:31:53","date_gmt":"2024-09-09T12:31:53","guid":{"rendered":"https:\/\/reanpackaging.com\/?p=25886"},"modified":"2024-09-09T14:51:18","modified_gmt":"2024-09-09T14:51:18","slug":"what-is-carton-packaging","status":"publish","type":"post","link":"https:\/\/reanpackaging.com\/sv\/vad-ar-kartongforpackning\/","title":{"rendered":"Vad \u00e4r kartongf\u00f6rpackning: En komplett guide till kartongf\u00f6rpackningar f\u00f6r aff\u00e4rsframg\u00e5ngar"},"content":{"rendered":"<p class=\"has-ast-global-color-8-color has-text-color has-link-color wp-elements-4950161492c265a9676198f439a83551\">Kartongf\u00f6rpackningar \u00e4r ett popul\u00e4rt f\u00f6rpackningsval som m\u00e5nga f\u00f6retag anv\u00e4nder. Faktum \u00e4r att <a href=\"https:\/\/www.fortunebusinessinsights.com\/folding-cartons-market-104898\">f\u00f6rpackning av vikbara kartonger<\/a> is one of the most post popular packaging option that e-commerce businesses use for shipping goods as they are highly customizable and cost-effective. In this guide, we&#8217;ll dive into everything you need to know about folding carton packaging and how it can help your business leave a lasting impression.&nbsp;<\/p>\n\n\n\n<h2 class=\"wp-block-heading has-ast-global-color-8-color has-text-color has-link-color wp-elements-e5ed28aafda34f0bbab3c7e922de7577\">Vad \u00e4r f\u00f6rpackning i vikbara kartonger?<\/h2>\n\n\n\n<p class=\"has-ast-global-color-8-color has-text-color has-link-color wp-elements-3a787d344c92f8311cf53a6e5e88ffb7\">En vikbar kartong \u00e4r en typ av kartong tillverkad av kartong. Den \u00e4r tillverkad av ett tunt lager kartong och \u00e4r mycket flexibel f\u00f6r att passa alla produkter. De tillverkas vanligtvis av \u00e5tervunnet material och \u00e4r mycket budgetv\u00e4nliga, vilket g\u00f6r dem till ett perfekt fraktalternativ f\u00f6r m\u00e5nga f\u00f6retag.&nbsp;<\/p>\n\n\n\n<p class=\"has-ast-global-color-8-color has-text-color has-link-color wp-elements-714a22918ff00c3591dca09a2e69656e\">F\u00f6retagen f\u00e5r vanligtvis detta f\u00f6rpackningsmaterial i platta bitar och s\u00e4tter sedan ihop dem till en kartong. Detta minskar transportkostnaderna f\u00f6r grossistf\u00f6rpackningsmaterial eftersom de tar upp mindre utrymme i kurirbilar. Dessutom \u00e4r vikbara kartonger mycket anpassningsbara, vilket inneb\u00e4r att du kan f\u00e5 dem med dina varum\u00e4rkeselement, din \u00f6nskade f\u00e4rgpalett och i vilken form som helst.&nbsp;<\/p>\n\n\n\n<h2 class=\"wp-block-heading has-ast-global-color-8-color has-text-color has-link-color wp-elements-66a4555cc44fec04ecdd44ab08471667\">Skillnaden mellan vikkartonger och wellpappl\u00e5dor<\/h2>\n\n\n\n<figure class=\"wp-block-image aligncenter size-large\"><img fetchpriority=\"high\" decoding=\"async\" width=\"1024\" height=\"683\" src=\"https:\/\/reanpackaging.com\/wp-content\/uploads\/2024\/09\/carton-packaging-vs-corrugated-box-1024x683.jpg\" alt=\"kartongf\u00f6rpackning vs wellpappl\u00e5da\" class=\"wp-image-25889\" srcset=\"https:\/\/reanpackaging.com\/wp-content\/uploads\/2024\/09\/carton-packaging-vs-corrugated-box-1024x683.jpg 1024w, https:\/\/reanpackaging.com\/wp-content\/uploads\/2024\/09\/carton-packaging-vs-corrugated-box-300x200.jpg 300w, https:\/\/reanpackaging.com\/wp-content\/uploads\/2024\/09\/carton-packaging-vs-corrugated-box-768x512.jpg 768w, https:\/\/reanpackaging.com\/wp-content\/uploads\/2024\/09\/carton-packaging-vs-corrugated-box-18x12.jpg 18w, https:\/\/reanpackaging.com\/wp-content\/uploads\/2024\/09\/carton-packaging-vs-corrugated-box-600x400.jpg 600w, https:\/\/reanpackaging.com\/wp-content\/uploads\/2024\/09\/carton-packaging-vs-corrugated-box.jpg 1200w\" sizes=\"(max-width: 1024px) 100vw, 1024px\" \/><\/figure>\n\n\n\n<p class=\"has-ast-global-color-8-color has-text-color has-link-color wp-elements-dbf94b48812a729bdcbaf519efb4d432\">Many people confuse folding cartons with corrugated boxes. Let&#8217;s break down the key differences and similarities between them. This will help you decide which type of box folding or corrugated you should use for your products.&nbsp;&nbsp;<\/p>\n\n\n\n<figure class=\"wp-block-table\"><table class=\"has-ast-global-color-8-color has-text-color has-link-color has-fixed-layout\"><tbody><tr><td>Funktion<\/td><td>Vikbara kartonger<\/td><td>Wellpappl\u00e5dor<\/td><\/tr><tr><td><strong>Material<\/strong><\/td><td>Den \u00e4r tillverkad av ett enda lager l\u00e4ttviktskartong.<\/td><td>Den \u00e4r tillverkad av flera lager kartong med ett extra mellanlager f\u00f6r att ge extra styrka.<\/td><\/tr><tr><td><strong>H\u00e5llbarhet<\/strong><\/td><td>Detta alternativ \u00e4r l\u00e4mpligt f\u00f6r l\u00e4tta produkter men inte idealiskt f\u00f6r tunga eller \u00f6mt\u00e5liga f\u00f6rem\u00e5l.<\/td><td>Mycket h\u00e5llbar och stark, idealisk f\u00f6r frakt av tyngre och \u00f6mt\u00e5liga varor.<\/td><\/tr><tr><td><strong>Kostnad<\/strong><\/td><td>den \u00e4r mer kostnadseffektiv tack vare l\u00e4ttviktsmaterial och l\u00e4gre produktionskostnader.<br><\/td><td>N\u00e5got dyrare p\u00e5 grund av den extra styrkan och de tjockare material som anv\u00e4nds.<\/td><\/tr><tr><td><strong>Anpassningsbarhet<\/strong><\/td><td>Det \u00e4r mycket anpassningsbart med design, f\u00e4rger och varum\u00e4rkesalternativ.<\/td><td>Ocks\u00e5 anpassningsbar men vanligtvis med mindre tonvikt p\u00e5 detaljerade tryck p\u00e5 grund av den gr\u00f6vre ytan.<\/td><\/tr><tr><td><strong>Milj\u00f6v\u00e4nlighet<\/strong><\/td><td>Vanligtvis tillverkade av \u00e5tervunnet material och l\u00e4tt \u00e5tervinningsbara.<\/td><td>\u00c4ven \u00e5tervinningsbar och ofta tillverkad av \u00e5tervunnet material, \u00e4ven om produktionen kan kr\u00e4va mer resurser p\u00e5 grund av de extra lagren.<\/td><\/tr><tr><td><strong>Vikt<\/strong><\/td><td>L\u00e4ttvikt<\/td><td>Tyngre \u00e4n vikbara kartonger<\/td><\/tr><tr><td><strong>F\u00f6rvaring och frakt<\/strong><\/td><td>F\u00f6rvaras platt och tar upp mindre utrymme, vilket g\u00f6r det l\u00e4ttare att transportera i bulk.<\/td><td>Skrymmande vid lagring och transport, men skickas fortfarande ofta platt f\u00f6re montering.<\/td><\/tr><tr><td><strong>Skyddsniv\u00e5<\/strong><\/td><td>Erbjuder m\u00e5ttligt skydd f\u00f6r produkter.<\/td><td>Ger utm\u00e4rkt skydd tack vare sin konstruktion i flera lager.<\/td><\/tr><\/tbody><\/table><\/figure>\n\n\n\n<h2 class=\"wp-block-heading\">Typer av hopf\u00e4llbara kartonger<\/h2>\n\n\n\n<p class=\"has-ast-global-color-8-color has-text-color has-link-color wp-elements-b3e6e0fdeb48e712a571f112252e8f0e\">Folding carton boxes come in many sizes and shapes. This makes them an ideal choice for different businesses&#8217; various needs. Here are some of the most popular types of folding cartons.&nbsp;<\/p>\n\n\n\n<h3 class=\"wp-block-heading\">Straight Tuck Box<\/h3>\n\n\n\n<figure class=\"wp-block-image aligncenter size-large\"><img decoding=\"async\" width=\"1024\" height=\"683\" src=\"https:\/\/reanpackaging.com\/wp-content\/uploads\/2024\/09\/Straight-Tuck-Box-1024x683.jpg\" alt=\"rak stoppl\u00e5da\" class=\"wp-image-25891\" srcset=\"https:\/\/reanpackaging.com\/wp-content\/uploads\/2024\/09\/Straight-Tuck-Box-1024x683.jpg 1024w, https:\/\/reanpackaging.com\/wp-content\/uploads\/2024\/09\/Straight-Tuck-Box-300x200.jpg 300w, https:\/\/reanpackaging.com\/wp-content\/uploads\/2024\/09\/Straight-Tuck-Box-768x512.jpg 768w, https:\/\/reanpackaging.com\/wp-content\/uploads\/2024\/09\/Straight-Tuck-Box-18x12.jpg 18w, https:\/\/reanpackaging.com\/wp-content\/uploads\/2024\/09\/Straight-Tuck-Box-600x400.jpg 600w, https:\/\/reanpackaging.com\/wp-content\/uploads\/2024\/09\/Straight-Tuck-Box.jpg 1200w\" sizes=\"(max-width: 1024px) 100vw, 1024px\" \/><\/figure>\n\n\n\n<p class=\"has-ast-global-color-8-color has-text-color has-link-color wp-elements-8bb6183bd63fbce7f5d02bfd31ff17b8\">Dessa l\u00e5dor \u00e4r k\u00e4nda f\u00f6r sitt snygga och prydliga utseende. Den har b\u00e5de topp- och bottenflikar som viks i samma riktning. Denna tuckmekanism s\u00e4kerst\u00e4ller att din produkt f\u00f6rblir s\u00e4ker och p\u00e5 sin plats under transporten. Du kan f\u00e5 dessa l\u00e5dor i olika storlekar baserat p\u00e5 din produkt. Dessa l\u00e5dor anv\u00e4nds ofta f\u00f6r att skicka kosmetika och sm\u00e5 elektroniska prylar. De \u00e4r superl\u00e4tta att montera och du kan ocks\u00e5 enkelt anpassa dem med dina varum\u00e4rkeselement, produktinformation och s\u00e5 vidare!&nbsp;<\/p>\n\n\n\n<h3 class=\"wp-block-heading\">Omv\u00e4nd Tuck Box<\/h3>\n\n\n\n<figure class=\"wp-block-image aligncenter size-large\"><img decoding=\"async\" width=\"1024\" height=\"683\" src=\"https:\/\/reanpackaging.com\/wp-content\/uploads\/2024\/09\/Reverse-Tuck-Box-1024x683.jpg\" alt=\"omv\u00e4nd stoppl\u00e5da\" class=\"wp-image-25906\" srcset=\"https:\/\/reanpackaging.com\/wp-content\/uploads\/2024\/09\/Reverse-Tuck-Box-1024x683.jpg 1024w, https:\/\/reanpackaging.com\/wp-content\/uploads\/2024\/09\/Reverse-Tuck-Box-300x200.jpg 300w, https:\/\/reanpackaging.com\/wp-content\/uploads\/2024\/09\/Reverse-Tuck-Box-768x512.jpg 768w, https:\/\/reanpackaging.com\/wp-content\/uploads\/2024\/09\/Reverse-Tuck-Box-18x12.jpg 18w, https:\/\/reanpackaging.com\/wp-content\/uploads\/2024\/09\/Reverse-Tuck-Box-600x400.jpg 600w, https:\/\/reanpackaging.com\/wp-content\/uploads\/2024\/09\/Reverse-Tuck-Box.jpg 1200w\" sizes=\"(max-width: 1024px) 100vw, 1024px\" \/><\/figure>\n\n\n\n<p class=\"has-ast-global-color-8-color has-text-color has-link-color wp-elements-5aa53f7b94f02334b300f30b4c88ba7d\">Den st\u00f6rsta skillnaden mellan raka tuckboxar och omv\u00e4nda tuckboxar \u00e4r att deras \u00f6vre och nedre flikar viks till motsatta sidor. Den \u00f6vre fliken viks bak\u00e5t och den nedre fliken viks i motsatt riktning. Du hittar dessa l\u00e5dor ofta inom l\u00e4kemedelsindustrin samt inom personlig v\u00e5rd och sm\u00e5elektronikindustrin.&nbsp;<\/p>\n\n\n\n<h3 class=\"wp-block-heading\">L\u00e5sbottenl\u00e5dorna<\/h3>\n\n\n\n<figure class=\"wp-block-image aligncenter size-large\"><img loading=\"lazy\" decoding=\"async\" width=\"1024\" height=\"683\" src=\"https:\/\/reanpackaging.com\/wp-content\/uploads\/2024\/09\/Lock-Bottom-Boxes-1024x683.jpg\" alt=\"l\u00e5sbottenl\u00e5dor\" class=\"wp-image-25908\" srcset=\"https:\/\/reanpackaging.com\/wp-content\/uploads\/2024\/09\/Lock-Bottom-Boxes-1024x683.jpg 1024w, https:\/\/reanpackaging.com\/wp-content\/uploads\/2024\/09\/Lock-Bottom-Boxes-300x200.jpg 300w, https:\/\/reanpackaging.com\/wp-content\/uploads\/2024\/09\/Lock-Bottom-Boxes-768x512.jpg 768w, https:\/\/reanpackaging.com\/wp-content\/uploads\/2024\/09\/Lock-Bottom-Boxes-18x12.jpg 18w, https:\/\/reanpackaging.com\/wp-content\/uploads\/2024\/09\/Lock-Bottom-Boxes-600x400.jpg 600w, https:\/\/reanpackaging.com\/wp-content\/uploads\/2024\/09\/Lock-Bottom-Boxes.jpg 1200w\" sizes=\"(max-width: 1024px) 100vw, 1024px\" \/><\/figure>\n\n\n\n<p class=\"has-ast-global-color-8-color has-text-color has-link-color wp-elements-33ac412eeaa2982196becb0cebf2b978\">Dessa l\u00e5dor \u00e4r ocks\u00e5 k\u00e4nda som l\u00e5dor med automatisk l\u00e5sning av botten. Som namnet antyder levereras de med en f\u00f6rmonterad botten, vilket inneb\u00e4r att botten automatiskt l\u00e5ses n\u00e4r <a href=\"https:\/\/reanpackaging.com\/sv\/forpackningslador-for-partihandel\/\">vikbar kartong f\u00f6r grossist<\/a> \u00e4r \u00f6ppnad.<strong> <\/strong>Dessa l\u00e5dor \u00e4r idealiska f\u00f6r lite tyngre produkter som kr\u00e4ver lite extra skydd. Du kan anv\u00e4nda dessa vikbara kartonger f\u00f6r att packa viner, flaskor, matburkar osv. De \u00e4r mycket robusta och l\u00e4tta att montera, vilket g\u00f6r dem till det sj\u00e4lvklara valet f\u00f6r f\u00f6retag som beh\u00f6ver snabba men p\u00e5litliga f\u00f6rpackningsl\u00f6sningar.&nbsp;<\/p>\n\n\n\n<h3 class=\"wp-block-heading\">Tuck-Top l\u00e5da i ett stycke<\/h3>\n\n\n\n<figure class=\"wp-block-image aligncenter size-large\"><img loading=\"lazy\" decoding=\"async\" width=\"1024\" height=\"683\" src=\"https:\/\/reanpackaging.com\/wp-content\/uploads\/2024\/09\/one-piece-tuck-top-boxes-1024x683.jpg\" alt=\"Tuck Top-l\u00e5dor i ett stycke\" class=\"wp-image-25892\" srcset=\"https:\/\/reanpackaging.com\/wp-content\/uploads\/2024\/09\/one-piece-tuck-top-boxes-1024x683.jpg 1024w, https:\/\/reanpackaging.com\/wp-content\/uploads\/2024\/09\/one-piece-tuck-top-boxes-300x200.jpg 300w, https:\/\/reanpackaging.com\/wp-content\/uploads\/2024\/09\/one-piece-tuck-top-boxes-768x512.jpg 768w, https:\/\/reanpackaging.com\/wp-content\/uploads\/2024\/09\/one-piece-tuck-top-boxes-18x12.jpg 18w, https:\/\/reanpackaging.com\/wp-content\/uploads\/2024\/09\/one-piece-tuck-top-boxes-600x400.jpg 600w, https:\/\/reanpackaging.com\/wp-content\/uploads\/2024\/09\/one-piece-tuck-top-boxes.jpg 1200w\" sizes=\"(max-width: 1024px) 100vw, 1024px\" \/><\/figure>\n\n\n\n<p class=\"has-ast-global-color-8-color has-text-color has-link-color wp-elements-fa5cd19e634f6b8dbc49a4a04c30b323\">Det h\u00e4r \u00e4r en annan effektiv och minimalistisk design f\u00f6r vikbara kartonger som du kan f\u00e5. Hela l\u00e5dan \u00e4r tillverkad av ett enda material och har en toppanel som l\u00e4tt kan stoppas in i den fr\u00e4mre delen. Denna toppflik viks \u00f6ver och l\u00e5ses snabbt in i huvudstrukturen, vilket g\u00f6r det enkelt att \u00f6ppna och st\u00e4nga alternativ. Det \u00e4r ett bekv\u00e4mt och l\u00e4ttanv\u00e4nt alternativ f\u00f6r b\u00e5de \u00e5terf\u00f6rs\u00e4ljare och konsumenter. Vanligtvis anv\u00e4nds dessa l\u00e5dor i bagerier, presentbutiker och f\u00f6r att f\u00f6rpacka vardagliga l\u00e4tta detaljhandelsvaror.&nbsp;<\/p>\n\n\n\n<h3 class=\"wp-block-heading\">Box i tv\u00e5 delar<\/h3>\n\n\n\n<figure class=\"wp-block-image aligncenter size-large\"><img loading=\"lazy\" decoding=\"async\" width=\"1024\" height=\"683\" src=\"https:\/\/reanpackaging.com\/wp-content\/uploads\/2024\/09\/Two-piece-Box-1024x683.jpg\" alt=\"tv\u00e5delad l\u00e5da\" class=\"wp-image-25893\" srcset=\"https:\/\/reanpackaging.com\/wp-content\/uploads\/2024\/09\/Two-piece-Box-1024x683.jpg 1024w, https:\/\/reanpackaging.com\/wp-content\/uploads\/2024\/09\/Two-piece-Box-300x200.jpg 300w, https:\/\/reanpackaging.com\/wp-content\/uploads\/2024\/09\/Two-piece-Box-768x512.jpg 768w, https:\/\/reanpackaging.com\/wp-content\/uploads\/2024\/09\/Two-piece-Box-18x12.jpg 18w, https:\/\/reanpackaging.com\/wp-content\/uploads\/2024\/09\/Two-piece-Box-600x400.jpg 600w, https:\/\/reanpackaging.com\/wp-content\/uploads\/2024\/09\/Two-piece-Box.jpg 1200w\" sizes=\"(max-width: 1024px) 100vw, 1024px\" \/><\/figure>\n\n\n\n<p class=\"has-ast-global-color-8-color has-text-color has-link-color wp-elements-a20fb2ee968258f65d02a2d5f064573e\">Detta \u00e4r en tv\u00e5delad vikbar kartong. Dessa l\u00e5dor best\u00e5r av tv\u00e5 separata delar, \"locket och botten\". Locket passar t\u00e4tt \u00f6ver botten, vilket ger den ett elegant och lyxigt f\u00f6rpackningsutseende. Dessa l\u00e5dor anv\u00e4nds vanligtvis f\u00f6r att f\u00f6rpacka smycken, kl\u00e4desplagg och avancerad elektronik som smartphones etc. Dess separata komponenter ger den ett premiumutseende, vilket g\u00f6r den till en favorit f\u00f6r varum\u00e4rken som vill lyfta fram sina f\u00f6rpackningar. Du kan anpassa lockets och bottenens insida och utsida med unika m\u00f6nster, varum\u00e4rkeselement eller personliga meddelanden f\u00f6r att skapa en unik upplevelse f\u00f6r dina kunder.&nbsp;<\/p>\n\n\n\n<h2 class=\"wp-block-heading\">\u00c4r vikbara tecknade paket l\u00e4mpliga f\u00f6r ditt f\u00f6retag&nbsp;<\/h2>\n\n\n\n<p class=\"has-ast-global-color-8-color has-text-color has-link-color wp-elements-3137a3be1b1326d0adce15e49402ebf5\">S\u00e5, \u00e4r vikbara kartongf\u00f6rpackningar b\u00e4st f\u00f6r alla branscher? Jo, de \u00e4r m\u00e5ngsidiga och kan anv\u00e4ndas av olika f\u00f6retag f\u00f6r att f\u00f6rpacka sina varor. Men det passar inte alla f\u00f6retag. H\u00e4r \u00e4r de b\u00e4sta branscherna som kan anv\u00e4nda vikbara kartonger f\u00f6r sina produkter.<\/p>\n\n\n\n<h3 class=\"wp-block-heading\">L\u00e4kemedelsindustrin<\/h3>\n\n\n\n<figure class=\"wp-block-image aligncenter size-large\"><img loading=\"lazy\" decoding=\"async\" width=\"1024\" height=\"683\" src=\"https:\/\/reanpackaging.com\/wp-content\/uploads\/2024\/09\/Pharmaceutical-packaging-box-1024x683.jpg\" alt=\"l\u00e4kemedelsf\u00f6rpackning\" class=\"wp-image-25894\" srcset=\"https:\/\/reanpackaging.com\/wp-content\/uploads\/2024\/09\/Pharmaceutical-packaging-box-1024x683.jpg 1024w, https:\/\/reanpackaging.com\/wp-content\/uploads\/2024\/09\/Pharmaceutical-packaging-box-300x200.jpg 300w, https:\/\/reanpackaging.com\/wp-content\/uploads\/2024\/09\/Pharmaceutical-packaging-box-768x512.jpg 768w, https:\/\/reanpackaging.com\/wp-content\/uploads\/2024\/09\/Pharmaceutical-packaging-box-18x12.jpg 18w, https:\/\/reanpackaging.com\/wp-content\/uploads\/2024\/09\/Pharmaceutical-packaging-box-600x400.jpg 600w, https:\/\/reanpackaging.com\/wp-content\/uploads\/2024\/09\/Pharmaceutical-packaging-box.jpg 1200w\" sizes=\"(max-width: 1024px) 100vw, 1024px\" \/><\/figure>\n\n\n\n<p class=\"has-ast-global-color-8-color has-text-color has-link-color wp-elements-d8bf673687536862d5ed2dc69e4a1b43\">Vikbara kartonger anv\u00e4nds ofta inom l\u00e4kemedelsindustrin. De kan enkelt anpassas, s\u00e5 att f\u00f6retag kan l\u00e4gga till sin logotyp samt varningar, doseringar och ingrediensinformation p\u00e5 kartongen. Medicinflaskor, blisterf\u00f6rpackningar och andra h\u00e4lsoprodukter f\u00f6rpackas vanligtvis i vikbara kartonger med all detaljerad information om l\u00e4kemedlet tryckt p\u00e5 den vikbara kartongen. De \u00e4r l\u00e4tta men h\u00e5ller ocks\u00e5 l\u00e4kemedlen s\u00e4kra och skyddade.&nbsp;<\/p>\n\n\n\n<h3 class=\"wp-block-heading\">Livsmedels- och dryckesf\u00f6retag<\/h3>\n\n\n\n<figure class=\"wp-block-image aligncenter size-large\"><img loading=\"lazy\" decoding=\"async\" width=\"1024\" height=\"683\" src=\"https:\/\/reanpackaging.com\/wp-content\/uploads\/2024\/09\/Food-and-Beverage-box-1024x683.jpg\" alt=\"mat- och dryckesbox\" class=\"wp-image-25895\" srcset=\"https:\/\/reanpackaging.com\/wp-content\/uploads\/2024\/09\/Food-and-Beverage-box-1024x683.jpg 1024w, https:\/\/reanpackaging.com\/wp-content\/uploads\/2024\/09\/Food-and-Beverage-box-300x200.jpg 300w, https:\/\/reanpackaging.com\/wp-content\/uploads\/2024\/09\/Food-and-Beverage-box-768x512.jpg 768w, https:\/\/reanpackaging.com\/wp-content\/uploads\/2024\/09\/Food-and-Beverage-box-18x12.jpg 18w, https:\/\/reanpackaging.com\/wp-content\/uploads\/2024\/09\/Food-and-Beverage-box-600x400.jpg 600w, https:\/\/reanpackaging.com\/wp-content\/uploads\/2024\/09\/Food-and-Beverage-box.jpg 1200w\" sizes=\"(max-width: 1024px) 100vw, 1024px\" \/><\/figure>\n\n\n\n<p class=\"has-ast-global-color-8-color has-text-color has-link-color wp-elements-82350f64f254d65544ab66e336740ec0\">Livsmedelsindustrin och f\u00f6retag som tillverkar drycker anv\u00e4nder ocks\u00e5 vikbara kartonger. De anv\u00e4nds ofta i denna bransch p\u00e5 grund av deras f\u00f6rm\u00e5ga att h\u00e5lla produkterna s\u00e4kra och skyddade fr\u00e5n fukt och ljus. Oftast f\u00f6rpackas frysta livsmedel, te, snacks, torr frukt, spannm\u00e5l etc. i vikbara kartonger.&nbsp;&nbsp;<\/p>\n\n\n\n<p class=\"has-ast-global-color-8-color has-text-color has-link-color wp-elements-b844351115fdad6e3d3410da2374c411\">F\u00f6retagen kan ocks\u00e5 enkelt anpassa dessa f\u00f6rpackningar genom att l\u00e4gga till sin varum\u00e4rkeslogotyp, viktig anv\u00e4ndningsinformation, utg\u00e5ngsdatum med mera. Vikbara kartonger \u00e4r ett kostnadseffektivt och mycket anpassningsbart val f\u00f6r s\u00e5dana f\u00f6retag.&nbsp;<\/p>\n\n\n\n<h3 class=\"wp-block-heading\">Verksamheter inom kosmetik och egenv\u00e5rd&nbsp;<\/h3>\n\n\n\n<figure class=\"wp-block-image aligncenter size-large\"><img loading=\"lazy\" decoding=\"async\" width=\"1024\" height=\"682\" src=\"https:\/\/reanpackaging.com\/wp-content\/uploads\/2024\/09\/Cosmetic-and-Self-care-box-1024x682.jpg\" alt=\"kosmetik- och egenv\u00e5rdsbox\" class=\"wp-image-25897\" srcset=\"https:\/\/reanpackaging.com\/wp-content\/uploads\/2024\/09\/Cosmetic-and-Self-care-box-1024x682.jpg 1024w, https:\/\/reanpackaging.com\/wp-content\/uploads\/2024\/09\/Cosmetic-and-Self-care-box-300x200.jpg 300w, https:\/\/reanpackaging.com\/wp-content\/uploads\/2024\/09\/Cosmetic-and-Self-care-box-768x512.jpg 768w, https:\/\/reanpackaging.com\/wp-content\/uploads\/2024\/09\/Cosmetic-and-Self-care-box-18x12.jpg 18w, https:\/\/reanpackaging.com\/wp-content\/uploads\/2024\/09\/Cosmetic-and-Self-care-box-600x400.jpg 600w, https:\/\/reanpackaging.com\/wp-content\/uploads\/2024\/09\/Cosmetic-and-Self-care-box.jpg 1199w\" sizes=\"(max-width: 1024px) 100vw, 1024px\" \/><\/figure>\n\n\n\n<p class=\"has-ast-global-color-8-color has-text-color has-link-color wp-elements-e71b5142ecde123bcd50b46e12176d02\">Products like serums, foundations, makeup pallets, perfumes, etc. are also packed in folding cartons. They are easy to use, keep the products safe, and protect from sunlight as well. Companies also use folding cartons because of their flexibility to incorporate e bold colors, detailed designs, and textures that catch the consumer&#8217;s eye.<\/p>\n\n\n\n<h3 class=\"wp-block-heading\">Leksaksindustrin<\/h3>\n\n\n\n<figure class=\"wp-block-image aligncenter size-large\"><img loading=\"lazy\" decoding=\"async\" width=\"1024\" height=\"683\" src=\"https:\/\/reanpackaging.com\/wp-content\/uploads\/2024\/09\/toy-box-1024x683.jpg\" alt=\"leksaksl\u00e5da\" class=\"wp-image-25898\" srcset=\"https:\/\/reanpackaging.com\/wp-content\/uploads\/2024\/09\/toy-box-1024x683.jpg 1024w, https:\/\/reanpackaging.com\/wp-content\/uploads\/2024\/09\/toy-box-300x200.jpg 300w, https:\/\/reanpackaging.com\/wp-content\/uploads\/2024\/09\/toy-box-768x512.jpg 768w, https:\/\/reanpackaging.com\/wp-content\/uploads\/2024\/09\/toy-box-18x12.jpg 18w, https:\/\/reanpackaging.com\/wp-content\/uploads\/2024\/09\/toy-box-600x400.jpg 600w, https:\/\/reanpackaging.com\/wp-content\/uploads\/2024\/09\/toy-box.jpg 1440w\" sizes=\"(max-width: 1024px) 100vw, 1024px\" \/><\/figure>\n\n\n\n<p class=\"has-ast-global-color-8-color has-text-color has-link-color wp-elements-c074f253e104212c6434538842c6070d\">Leksaksf\u00f6retag \u00e4r en annan bransch som anv\u00e4nder vikbara kartonger. Dessa f\u00f6retag anv\u00e4nder vikbara f\u00f6rpackningar f\u00f6r att packa leksaker, pussel, br\u00e4dspel etc. Dessa kartonger \u00e4r l\u00e4tta men \u00e4nd\u00e5 h\u00e5llbara vilket g\u00f6r dem till ett idealiskt val f\u00f6r frakt av leksaker. Eftersom det h\u00e5ller produkten s\u00e4ker och snygg under transporten. Dessutom kan leksaksf\u00f6retag f\u00e5 grossistvikbara kartonger i olika former, storlekar och m\u00f6nster som ytterligare f\u00f6rb\u00e4ttrar konsumentens unboxing-upplevelse och tilltalar b\u00e5de f\u00f6r\u00e4ldrar och barn.&nbsp;<\/p>\n\n\n\n<h2 class=\"wp-block-heading\">Varf\u00f6r v\u00e4lja f\u00f6rpackning i vikbara kartonger f\u00f6r ditt f\u00f6retag? F\u00f6rdelarna!<\/h2>\n\n\n\n<p class=\"has-ast-global-color-8-color has-text-color has-link-color wp-elements-eabbf2ab5bbf0f870f7f0b98806b6dcd\">Det finns m\u00e5nga f\u00f6rdelar med att inkludera vikbara kartonger i dina f\u00f6rpackningar. H\u00e4r \u00e4r de viktigaste f\u00f6rdelarna som g\u00f6r att de sticker ut.<\/p>\n\n\n\n<h3 class=\"wp-block-heading\">De \u00e4r i h\u00f6g grad anpassningsbara&nbsp;<\/h3>\n\n\n\n<figure class=\"wp-block-image aligncenter size-large\"><img loading=\"lazy\" decoding=\"async\" width=\"1024\" height=\"683\" src=\"https:\/\/reanpackaging.com\/wp-content\/uploads\/2024\/09\/highly-customize-box-1024x683.jpg\" alt=\"mycket anpassningsbar l\u00e5da\" class=\"wp-image-25899\" srcset=\"https:\/\/reanpackaging.com\/wp-content\/uploads\/2024\/09\/highly-customize-box-1024x683.jpg 1024w, https:\/\/reanpackaging.com\/wp-content\/uploads\/2024\/09\/highly-customize-box-300x200.jpg 300w, https:\/\/reanpackaging.com\/wp-content\/uploads\/2024\/09\/highly-customize-box-768x512.jpg 768w, https:\/\/reanpackaging.com\/wp-content\/uploads\/2024\/09\/highly-customize-box-18x12.jpg 18w, https:\/\/reanpackaging.com\/wp-content\/uploads\/2024\/09\/highly-customize-box-600x400.jpg 600w, https:\/\/reanpackaging.com\/wp-content\/uploads\/2024\/09\/highly-customize-box.jpg 1200w\" sizes=\"(max-width: 1024px) 100vw, 1024px\" \/><\/figure>\n\n\n\n<p class=\"has-ast-global-color-8-color has-text-color has-link-color wp-elements-4870cadeb864c0473bfc818dc47466b9\">Vikbara kartonger \u00e4r l\u00e4tt anpassningsbara. Du kan f\u00e5 dina varum\u00e4rkeselement, logotyp och varum\u00e4rkesf\u00e4rger p\u00e5 dem. Detta g\u00f6r dem till ett idealiskt val f\u00f6r f\u00f6retag med starka marknadsf\u00f6ringsinitiativ p\u00e5 anpassade f\u00f6rpackningar med varum\u00e4rke. Detta g\u00f6r din produktf\u00f6rpackning mer tilltalande och i\u00f6gonfallande ocks\u00e5. Kunderna \u00e4r mer ben\u00e4gna att komma ih\u00e5g ett varum\u00e4rke vars f\u00f6rpackning sticker ut f\u00f6r dem.&nbsp;<\/p>\n\n\n\n<p class=\"has-ast-global-color-8-color has-text-color has-link-color wp-elements-930cb988de9d859b856e7e2e0c297909\">Det finns en stor chans att f\u00e5 gratis marknadsf\u00f6ring i sociala medier fr\u00e5n dina kunder - dina vikbara kartonger \u00e4r estetiska och ber\u00e4ttar en historia snarare \u00e4n en vanlig f\u00f6rpackning av produkten.&nbsp;<\/p>\n\n\n\n<p class=\"has-ast-global-color-8-color has-text-color has-link-color wp-elements-6a7eebec7dd277b54055e23258db3361\">Eftersom de \u00e4r mycket anpassningsbara och det b\u00e4sta f\u00f6rpackningsmaterialet att skriva ut p\u00e5, kan f\u00f6retag som beh\u00f6ver dela viktig information om produkter anv\u00e4nda utrymmet f\u00f6r att skriva ut inneh\u00e5llet p\u00e5 vikkartongf\u00f6rpackningen. P\u00e5 s\u00e5 s\u00e4tt f\u00e5r konsumenterna enkelt reda p\u00e5 produktdetaljerna utan att beh\u00f6va s\u00f6ka efter dem p\u00e5 n\u00e4tet. Detta \u00e4r l\u00e4tt anv\u00e4ndbart inom l\u00e4kemedels- och frysta livsmedelsindustrin.&nbsp;<\/p>\n\n\n\n<h3 class=\"wp-block-heading\">B\u00e4sta milj\u00f6v\u00e4nliga alternativet inom f\u00f6rpackningar&nbsp;<\/h3>\n\n\n\n<figure class=\"wp-block-image aligncenter size-large\"><img loading=\"lazy\" decoding=\"async\" width=\"1024\" height=\"683\" src=\"https:\/\/reanpackaging.com\/wp-content\/uploads\/2024\/09\/eco-friendly-box-1024x683.jpg\" alt=\"milj\u00f6v\u00e4nlig l\u00e5da\" class=\"wp-image-25900\" srcset=\"https:\/\/reanpackaging.com\/wp-content\/uploads\/2024\/09\/eco-friendly-box-1024x683.jpg 1024w, https:\/\/reanpackaging.com\/wp-content\/uploads\/2024\/09\/eco-friendly-box-300x200.jpg 300w, https:\/\/reanpackaging.com\/wp-content\/uploads\/2024\/09\/eco-friendly-box-768x512.jpg 768w, https:\/\/reanpackaging.com\/wp-content\/uploads\/2024\/09\/eco-friendly-box-18x12.jpg 18w, https:\/\/reanpackaging.com\/wp-content\/uploads\/2024\/09\/eco-friendly-box-600x400.jpg 600w, https:\/\/reanpackaging.com\/wp-content\/uploads\/2024\/09\/eco-friendly-box.jpg 1200w\" sizes=\"(max-width: 1024px) 100vw, 1024px\" \/><\/figure>\n\n\n\n<p class=\"has-ast-global-color-8-color has-text-color has-link-color wp-elements-f98730dfb3d969e4ada274870ed3ad67\">\u00d6ver <a href=\"https:\/\/www.statista.com\/statistics\/1305896\/share-of-consumers-more-likely-to-buy-from-sustainable-brands\/#:~:text=Globally%2C%20about%2044%20percent%20of,commitment%20to%20sustainability%20in%202021.\">44% av konsumenter<\/a> uppger att de f\u00f6redrar ett h\u00e5llbart varum\u00e4rke framf\u00f6r sina favoritvarum\u00e4rken (eller v\u00e4lk\u00e4nda varum\u00e4rken). H\u00e5llbarhet och milj\u00f6v\u00e4nlighet \u00e4r en p\u00e5g\u00e5ende trend bland konsumenterna. F\u00f6r att n\u00e5 ut till en s\u00e5dan konsumentbas m\u00e5ste du d\u00e4rf\u00f6r visa upp dig som ett ansvarsfullt och milj\u00f6v\u00e4nligt f\u00f6retag i alla avseenden. Vikbara kartonger \u00e4r vanligtvis tillverkade av \u00e5tervunnet material och \u00e4r d\u00e4rf\u00f6r mycket milj\u00f6v\u00e4nliga.<\/p>\n\n\n\n<p class=\"has-ast-global-color-8-color has-text-color has-link-color wp-elements-1bc04d9b35d3b6d5630694248ad7cd12\">Dessutom har \u00f6ver <a href=\"https:\/\/packagingschool.com\/articles\/2018-11-14-how-sustainable-is-paperboard-packaging\">75%<\/a> Det inneb\u00e4r att genom att v\u00e4lja vikbara kartonger minskar ditt f\u00f6retag inte bara sin milj\u00f6p\u00e5verkan utan anpassar sig ocks\u00e5 till de v\u00e4rderingar som milj\u00f6medvetna konsumenter har.<\/p>\n\n\n\n<h3 class=\"wp-block-heading\">Kostnadseffektiv l\u00f6sning&nbsp;<\/h3>\n\n\n\n<figure class=\"wp-block-image aligncenter size-large\"><img loading=\"lazy\" decoding=\"async\" width=\"1024\" height=\"683\" src=\"https:\/\/reanpackaging.com\/wp-content\/uploads\/2024\/09\/cost-effective-box-1024x683.jpg\" alt=\"Kostnadseffektiv l\u00e5da\" class=\"wp-image-25901\" srcset=\"https:\/\/reanpackaging.com\/wp-content\/uploads\/2024\/09\/cost-effective-box-1024x683.jpg 1024w, https:\/\/reanpackaging.com\/wp-content\/uploads\/2024\/09\/cost-effective-box-300x200.jpg 300w, https:\/\/reanpackaging.com\/wp-content\/uploads\/2024\/09\/cost-effective-box-768x512.jpg 768w, https:\/\/reanpackaging.com\/wp-content\/uploads\/2024\/09\/cost-effective-box-18x12.jpg 18w, https:\/\/reanpackaging.com\/wp-content\/uploads\/2024\/09\/cost-effective-box-600x400.jpg 600w, https:\/\/reanpackaging.com\/wp-content\/uploads\/2024\/09\/cost-effective-box.jpg 1200w\" sizes=\"(max-width: 1024px) 100vw, 1024px\" \/><\/figure>\n\n\n\n<p class=\"has-ast-global-color-8-color has-text-color has-link-color wp-elements-bc379564ed8ed2cafb8f7aed0b0c9e16\">Vikbara kartonger har l\u00e5ga produktionskostnader, s\u00e4rskilt n\u00e4r de produceras i stora kvantiteter. De \u00e4r mycket l\u00e4tta och materialet (vanligtvis kartong) som anv\u00e4nds f\u00f6r att tillverka f\u00f6rpackningskartonger \u00e4r billigare j\u00e4mf\u00f6rt med andra f\u00f6rpackningsmaterial som plast, metall etc. Eftersom de \u00e4r l\u00e4tta tar de dessutom mindre plats i f\u00f6rvaringsutrymmen och under transport. Detta sparar ocks\u00e5 logistikkostnader f\u00f6r f\u00f6retagen.&nbsp;<\/p>\n\n\n\n<h3 class=\"wp-block-heading\">B\u00e4st f\u00f6r transport av olika varor<\/h3>\n\n\n\n<p class=\"has-ast-global-color-8-color has-text-color has-link-color wp-elements-c2e5a8afb9942e9c0d5fa17f1c6fb913\">Vikbara kartonger \u00e4r anpassningsbara och finns i olika former och storlekar. Det g\u00f6r dem till ett idealiskt val av produktf\u00f6rpackning f\u00f6r olika varor, fr\u00e5n livsmedel till kosmetika, h\u00e4lsoprodukter till kl\u00e4der. F\u00f6r f\u00f6retag som hanterar en rad olika varor i olika storlekar erbjuder vikbara kartonger en flexibel l\u00f6sning som anpassar sig till varje produkts unika krav.&nbsp;<\/p>\n\n\n\n<h3 class=\"wp-block-heading\">Mycket l\u00e4ttviktigt men robust f\u00f6rpackningsalternativ&nbsp;<\/h3>\n\n\n\n<p class=\"has-ast-global-color-8-color has-text-color has-link-color wp-elements-cc9faac5db23d699dcb5833017b62197\">Vi vet redan att vikbara kartonger \u00e4r mycket l\u00e4tta, men det betyder inte att de inte kan h\u00e5lla produkten s\u00e4ker under transporten. Det \u00e4r det b\u00e4sta valet f\u00f6r f\u00f6retag som letar efter en kostnadseffektiv men \u00e4nd\u00e5 robust f\u00f6rpackningsl\u00f6sning f\u00f6r sina produkter. Dina produkter f\u00e5r skydd fr\u00e5n yttre krafter medan du sparar kostnader f\u00f6r grossistf\u00f6rpackningar.&nbsp;<\/p>\n\n\n\n<h2 class=\"wp-block-heading\">Saker att t\u00e4nka p\u00e5 n\u00e4r du v\u00e4ljer en vikbar kartongf\u00f6rpackning f\u00f6r ditt f\u00f6retag&nbsp;<\/h2>\n\n\n\n<p class=\"has-ast-global-color-8-color has-text-color has-link-color wp-elements-44f74f814684b916a00d2c0fd04e409c\">Att v\u00e4lja den l\u00e4mpligaste typen av vikbar kartongf\u00f6rpackning \u00e4r avg\u00f6rande f\u00f6r din specifika produkt. H\u00e4r \u00e4r n\u00e5gra viktiga steg som du b\u00f6r t\u00e4nka p\u00e5 innan du v\u00e4ljer kartongf\u00f6rpackning f\u00f6r grossist.&nbsp;<\/p>\n\n\n\n<h3 class=\"wp-block-heading\">Materialet i den hopf\u00e4llbara kartongen&nbsp;<\/h3>\n\n\n\n<figure class=\"wp-block-image aligncenter size-large\"><img loading=\"lazy\" decoding=\"async\" width=\"1024\" height=\"683\" src=\"https:\/\/reanpackaging.com\/wp-content\/uploads\/2024\/09\/carton-packaing-material-1024x683.jpg\" alt=\"kartong f\u00f6rpackningsmaterial\" class=\"wp-image-25902\" srcset=\"https:\/\/reanpackaging.com\/wp-content\/uploads\/2024\/09\/carton-packaing-material-1024x683.jpg 1024w, https:\/\/reanpackaging.com\/wp-content\/uploads\/2024\/09\/carton-packaing-material-300x200.jpg 300w, https:\/\/reanpackaging.com\/wp-content\/uploads\/2024\/09\/carton-packaing-material-768x512.jpg 768w, https:\/\/reanpackaging.com\/wp-content\/uploads\/2024\/09\/carton-packaing-material-18x12.jpg 18w, https:\/\/reanpackaging.com\/wp-content\/uploads\/2024\/09\/carton-packaing-material-600x400.jpg 600w, https:\/\/reanpackaging.com\/wp-content\/uploads\/2024\/09\/carton-packaing-material.jpg 1200w\" sizes=\"(max-width: 1024px) 100vw, 1024px\" \/><\/figure>\n\n\n\n<p class=\"has-ast-global-color-8-color has-text-color has-link-color wp-elements-01ea1d8caf76d8629ce534694afcd410\">Vikbara kartonger \u00e4r tillverkade av kartong. Materialets tjocklek och struktur kan dock modifieras f\u00f6r att passa f\u00f6retagets krav. H\u00e4r \u00e4r vanliga typer av material som du kan f\u00e5 din vikbara kartong i:<\/p>\n\n\n\n<p class=\"has-ast-global-color-8-color has-text-color has-link-color wp-elements-4e5a1441d964cb099cde2902735ed8d5\"><strong>Fast blekt sulfat (SBS):<\/strong> This type of folding carton is made from chemically bleached pulp. You can get your carton&#8217;s top surface as well as the reverse side coated with sulfate. This coating gives it a smooth and white appearance making it easy to print graphics on them. It\u2019s often used for cosmetics, pharmaceuticals, and premium food packaging as it&#8217;s odorless and hygienic.<\/p>\n\n\n\n<p class=\"has-ast-global-color-8-color has-text-color has-link-color wp-elements-19e8a528255b8434fcfaf5b97618e025\"><strong>Bestruken oblekt kraft (CUK):<\/strong> Den h\u00e4r materialtypen kallas ocks\u00e5 kraftkartong och \u00e4r v\u00e4lk\u00e4nd f\u00f6r sin naturliga bruna nyans. Det \u00e4r det mest milj\u00f6v\u00e4nliga alternativet n\u00e4r det g\u00e4ller material f\u00f6r vikbara kartonger. Materialet \u00e4r mycket h\u00e5llbart och fuktbest\u00e4ndigt, vilket g\u00f6r det till ett perfekt val f\u00f6r f\u00f6rpackning av mat, dryck eller andra tunga f\u00f6rem\u00e5l. Om du \u00e4r ett h\u00e5llbart och ekologiskt varum\u00e4rke, v\u00e4lj kraftkartong f\u00f6r att f\u00f6rpacka dina produkter&nbsp;<\/p>\n\n\n\n<p class=\"has-ast-global-color-8-color has-text-color has-link-color wp-elements-5c1a68599e12c5a1816db0c285cb6e23\"><strong>Folding Box Board (FBB): <\/strong>Another material choice is the Folding box board. This material is lighter than SBS but is highly stiff and durable. It&#8217;s usually used for packaging light consumer products from toys to food products to household items. You can also get custom designs on them easily.&nbsp;<\/p>\n\n\n\n<h3 class=\"wp-block-heading\">Ytbel\u00e4ggning f\u00f6r dina vikbara kartonger<\/h3>\n\n\n\n<figure class=\"wp-block-image aligncenter size-large\"><img loading=\"lazy\" decoding=\"async\" width=\"1024\" height=\"683\" src=\"https:\/\/reanpackaging.com\/wp-content\/uploads\/2024\/09\/coating-for-fold-carton-1024x683.jpg\" alt=\"bel\u00e4ggning f\u00f6r vikkartong\" class=\"wp-image-25903\" srcset=\"https:\/\/reanpackaging.com\/wp-content\/uploads\/2024\/09\/coating-for-fold-carton-1024x683.jpg 1024w, https:\/\/reanpackaging.com\/wp-content\/uploads\/2024\/09\/coating-for-fold-carton-300x200.jpg 300w, https:\/\/reanpackaging.com\/wp-content\/uploads\/2024\/09\/coating-for-fold-carton-768x512.jpg 768w, https:\/\/reanpackaging.com\/wp-content\/uploads\/2024\/09\/coating-for-fold-carton-18x12.jpg 18w, https:\/\/reanpackaging.com\/wp-content\/uploads\/2024\/09\/coating-for-fold-carton-600x400.jpg 600w, https:\/\/reanpackaging.com\/wp-content\/uploads\/2024\/09\/coating-for-fold-carton.jpg 1200w\" sizes=\"(max-width: 1024px) 100vw, 1024px\" \/><\/figure>\n\n\n\n<p class=\"has-ast-global-color-8-color has-text-color has-link-color wp-elements-5865d34684c154a80d76ac2ae39ff3b6\">Tillverkare av vikbara kartonger tillhandah\u00e5ller ocks\u00e5 olika bel\u00e4ggningar f\u00f6r dessa f\u00f6rpackningar. Du kan v\u00e4lja typ av bel\u00e4ggning f\u00f6r dina vikbara kartonger baserat p\u00e5 dina \u00f6nskem\u00e5l. H\u00e4r \u00e4r vanliga bel\u00e4ggningstyper:<\/p>\n\n\n\n<p class=\"has-ast-global-color-8-color has-text-color has-link-color wp-elements-6b66383d4f1e02ca00b2f6374483478c\"><strong>Glansig bel\u00e4ggning: <\/strong>If you are looking to add a shiny, reflective finish to your folding cartons then you should choose gloss coating. It&#8217;s an ideal option for businesses wanting to enhance the vibrancy of printed colors on their product packaging.&nbsp;<\/p>\n\n\n\n<p class=\"has-ast-global-color-8-color has-text-color has-link-color wp-elements-44fd002783ad1ca394c823810d351fea\"><strong>Matt bel\u00e4ggning:<\/strong> Denna typ av bel\u00e4ggning \u00e4r mer subtil och icke-reflekterande. Om du \u00e4r ett varum\u00e4rke som vill l\u00e4gga till sofistikering och minimalism till ditt produktpaket v\u00e4ljer du matt bel\u00e4ggning.&nbsp;<\/p>\n\n\n\n<p class=\"has-ast-global-color-8-color has-text-color has-link-color wp-elements-4420b1b65eae70f27aa97595918db0da\"><strong>UV-bel\u00e4ggning: <\/strong>Denna bel\u00e4ggning anv\u00e4nds vanligtvis f\u00f6r att framh\u00e4va ett specifikt omr\u00e5de p\u00e5 din vikbara kartong, vanligtvis f\u00f6retagsnamn, logotyp etc. Detta ger en h\u00e5rd, glansig yta p\u00e5 din f\u00f6rpackning och \u00f6kar produktionen mot repor, fl\u00e4ckar och slitage.&nbsp;<\/p>\n\n\n\n<p class=\"has-ast-global-color-8-color has-text-color has-link-color wp-elements-2ed929e817111edcad1b39b2edfe81b3\"><strong>Vattenhaltig bel\u00e4ggning:<\/strong> Det \u00e4r en vattenbaserad bel\u00e4ggningstyp. Detta \u00e4r det mest milj\u00f6v\u00e4nliga alternativet som h\u00e5llbara f\u00f6retag kan v\u00e4lja. S\u00e5dana bel\u00e4ggningar torkar snabbt och l\u00e4gger ett klart skyddande lager p\u00e5 dina vikbara kartonger som g\u00f6r dem motst\u00e5ndskraftiga mot fingeravtryck, fukt och damm.&nbsp;<\/p>\n\n\n\n<h3 class=\"wp-block-heading\">Alternativ f\u00f6r laminering&nbsp;<\/h3>\n\n\n\n<figure class=\"wp-block-image aligncenter size-large\"><img loading=\"lazy\" decoding=\"async\" width=\"1024\" height=\"683\" src=\"https:\/\/reanpackaging.com\/wp-content\/uploads\/2024\/09\/Lamination-for-carton-box-1024x683.jpg\" alt=\"Laminering f\u00f6r kartongl\u00e5da\" class=\"wp-image-25904\" srcset=\"https:\/\/reanpackaging.com\/wp-content\/uploads\/2024\/09\/Lamination-for-carton-box-1024x683.jpg 1024w, https:\/\/reanpackaging.com\/wp-content\/uploads\/2024\/09\/Lamination-for-carton-box-300x200.jpg 300w, https:\/\/reanpackaging.com\/wp-content\/uploads\/2024\/09\/Lamination-for-carton-box-768x512.jpg 768w, https:\/\/reanpackaging.com\/wp-content\/uploads\/2024\/09\/Lamination-for-carton-box-18x12.jpg 18w, https:\/\/reanpackaging.com\/wp-content\/uploads\/2024\/09\/Lamination-for-carton-box-600x400.jpg 600w, https:\/\/reanpackaging.com\/wp-content\/uploads\/2024\/09\/Lamination-for-carton-box.jpg 1200w\" sizes=\"(max-width: 1024px) 100vw, 1024px\" \/><\/figure>\n\n\n\n<p class=\"has-ast-global-color-8-color has-text-color has-link-color wp-elements-7e2498940686f6d3e42ca3ee2c8f8990\">Detta \u00e4r ett annat alternativ f\u00f6r extra lager som f\u00f6retag kan v\u00e4lja f\u00f6r att ge sina vikbara kartonger extra skydd mot ljus, damm och fukt. Tillverkarna binder ett tunt lager film p\u00e5 ytan av vikbara kartonger f\u00f6r att skapa laminering. Du f\u00e5r ocks\u00e5 alternativ i lamineringar h\u00e4r \u00e4r de vanliga:&nbsp;<\/p>\n\n\n\n<ul class=\"wp-block-list has-ast-global-color-8-color has-text-color has-link-color wp-elements-84ced59b455ae39d0c55cd70648d902d\">\n<li class=\"\"><strong>Glansig Laminering:<\/strong> Med det h\u00e4r alternativet f\u00e5r du en sl\u00e4t, gl\u00e4nsande yta p\u00e5 din kartongf\u00f6rpackning samtidigt som du l\u00e4gger till ett extra skyddslager.&nbsp;<\/li>\n<\/ul>\n\n\n\n<ul class=\"wp-block-list has-ast-global-color-8-color has-text-color has-link-color wp-elements-5fbeac774211a7d73e80ab8ad4e9011f\">\n<li class=\"\"><strong>Matt Laminering:<\/strong> Ett annat lamineringsalternativ \u00e4r matt, vilket ger en mjuk och icke-reflekterande yta p\u00e5 din vikbara kartong. Genom att v\u00e4lja matt laminering f\u00e5r du en lyxigare k\u00e4nsla p\u00e5 din vikkartong.&nbsp;&nbsp;<\/li>\n<\/ul>\n\n\n\n<ul class=\"wp-block-list has-ast-global-color-8-color has-text-color has-link-color wp-elements-d84c5ec62cca75793bc751bdeef651a1\">\n<li class=\"\"><strong>Soft-touch-laminering:<\/strong> Den h\u00e4r typen av laminering ger dina vikbara kartonger en extremt sl\u00e4t, gummiliknande k\u00e4nsla. Detta ger ett extra lager av styrka och h\u00e5llbarhet till dina f\u00f6rpackningskartonger.<\/li>\n<\/ul>\n\n\n\n<h2 class=\"wp-block-heading\">Slutsats&nbsp;<\/h2>\n\n\n\n<p class=\"has-ast-global-color-8-color has-text-color has-link-color wp-elements-d70f427d71489d20658d8b996dffb611\">Vikbara kartonger \u00e4r utan tvekan ett kostnadseffektivt och skyddande f\u00f6rpackningsalternativ som du kan anv\u00e4nda. Med den h\u00e4r guiden vet du nu allt om vikbara kartonger och hur du v\u00e4ljer vikbara kartonger f\u00f6r dina aff\u00e4rsbehov. Ut\u00f6ver att bara erbjuda skydd g\u00f6r vikbara kartonger att du kan h\u00f6ja ditt varum\u00e4rkes presentation samtidigt som du anpassar dig till h\u00e5llbara metoder. att v\u00e4lja vikbara kartonger som din aff\u00e4rsf\u00f6rpackningsl\u00f6sning positionerar ditt f\u00f6retag f\u00f6r framg\u00e5ng genom att kombinera b\u00e5de dess funktionalitet med ett tankev\u00e4ckande tillv\u00e4gag\u00e5ngss\u00e4tt f\u00f6r konsumentupplevelse.<\/p>\n\n\n\n<p class=\"has-ast-global-color-8-color has-text-color has-link-color wp-elements-e61faa4d50ea7ed0166b5653ed90565f\">Vill du k\u00f6pa f\u00f6rpackningsmaterial till ditt f\u00f6retag? <a href=\"https:\/\/reanpackaging.com\/sv\/\">ReanPackaging<\/a> har f\u00e5tt dig t\u00e4ckt. Vi erbjuder allt fr\u00e5n grossistkartongpaket till grossistplastf\u00f6rpackningsalternativ till ett rimligt pris. Oavsett om du beh\u00f6ver anpassade f\u00f6rpackningsalternativ eller vill k\u00f6pa bulkf\u00f6rpackningsmaterial till grossistpris har ReanPackaging allt ditt f\u00f6retag beh\u00f6ver.\u00a0<\/p>","protected":false},"excerpt":{"rendered":"<p>Carton packaging is a popular packaging choice that many businesses use. In fact, folding carton packaging is one of the most post popular packaging option that e-commerce businesses use for shipping goods as they are highly customizable and cost-effective. In this guide, we&#8217;ll dive into everything you need to know about folding carton packaging and [&hellip;]<\/p>\n","protected":false},"author":1,"featured_media":25890,"comment_status":"open","ping_status":"open","sticky":false,"template":"","format":"standard","meta":{"_seopress_robots_primary_cat":"","_seopress_titles_title":"What Is Carton Packaging a Complete Guide to Folding Carton Packaging for Business Success","_seopress_titles_desc":"Carton packaging is a popular packaging choice that many businesses use. In fact, folding carton packaging is one of the most post popular packaging option that e-commerce businesses use for shipping goods as they are highly customizable and cost-effective. In this guide, we\u2019ll dive into everything you need to know about folding carton packaging and how it can help your business leave a lasting impression. ","_seopress_robots_index":"","site-sidebar-layout":"default","site-content-layout":"","ast-site-content-layout":"default","site-content-style":"default","site-sidebar-style":"default","ast-global-header-display":"","ast-banner-title-visibility":"","ast-main-header-display":"","ast-hfb-above-header-display":"","ast-hfb-below-header-display":"","ast-hfb-mobile-header-display":"","site-post-title":"","ast-breadcrumbs-content":"","ast-featured-img":"disabled","footer-sml-layout":"","ast-disable-related-posts":"","theme-transparent-header-meta":"","adv-header-id-meta":"","stick-header-meta":"","header-above-stick-meta":"","header-main-stick-meta":"","header-below-stick-meta":"","astra-migrate-meta-layouts":"set","ast-page-background-enabled":"default","ast-page-background-meta":{"desktop":{"background-color":"","background-image":"","background-repeat":"repeat","background-position":"center center","background-size":"auto","background-attachment":"scroll","background-type":"","background-media":"","overlay-type":"","overlay-color":"","overlay-opacity":"","overlay-gradient":""},"tablet":{"background-color":"","background-image":"","background-repeat":"repeat","background-position":"center center","background-size":"auto","background-attachment":"scroll","background-type":"","background-media":"","overlay-type":"","overlay-color":"","overlay-opacity":"","overlay-gradient":""},"mobile":{"background-color":"","background-image":"","background-repeat":"repeat","background-position":"center center","background-size":"auto","background-attachment":"scroll","background-type":"","background-media":"","overlay-type":"","overlay-color":"","overlay-opacity":"","overlay-gradient":""}},"ast-content-background-meta":{"desktop":{"background-color":"var(--ast-global-color-5)","background-image":"","background-repeat":"repeat","background-position":"center center","background-size":"auto","background-attachment":"scroll","background-type":"","background-media":"","overlay-type":"","overlay-color":"","overlay-opacity":"","overlay-gradient":""},"tablet":{"background-color":"var(--ast-global-color-5)","background-image":"","background-repeat":"repeat","background-position":"center center","background-size":"auto","background-attachment":"scroll","background-type":"","background-media":"","overlay-type":"","overlay-color":"","overlay-opacity":"","overlay-gradient":""},"mobile":{"background-color":"var(--ast-global-color-5)","background-image":"","background-repeat":"repeat","background-position":"center center","background-size":"auto","background-attachment":"scroll","background-type":"","background-media":"","overlay-type":"","overlay-color":"","overlay-opacity":"","overlay-gradient":""}},"footnotes":""},"categories":[1],"tags":[],"class_list":["post-25886","post","type-post","status-publish","format-standard","has-post-thumbnail","hentry","category-uncategorized"],"_links":{"self":[{"href":"https:\/\/reanpackaging.com\/sv\/wp-json\/wp\/v2\/posts\/25886","targetHints":{"allow":["GET"]}}],"collection":[{"href":"https:\/\/reanpackaging.com\/sv\/wp-json\/wp\/v2\/posts"}],"about":[{"href":"https:\/\/reanpackaging.com\/sv\/wp-json\/wp\/v2\/types\/post"}],"author":[{"embeddable":true,"href":"https:\/\/reanpackaging.com\/sv\/wp-json\/wp\/v2\/users\/1"}],"replies":[{"embeddable":true,"href":"https:\/\/reanpackaging.com\/sv\/wp-json\/wp\/v2\/comments?post=25886"}],"version-history":[{"count":0,"href":"https:\/\/reanpackaging.com\/sv\/wp-json\/wp\/v2\/posts\/25886\/revisions"}],"wp:featuredmedia":[{"embeddable":true,"href":"https:\/\/reanpackaging.com\/sv\/wp-json\/wp\/v2\/media\/25890"}],"wp:attachment":[{"href":"https:\/\/reanpackaging.com\/sv\/wp-json\/wp\/v2\/media?parent=25886"}],"wp:term":[{"taxonomy":"category","embeddable":true,"href":"https:\/\/reanpackaging.com\/sv\/wp-json\/wp\/v2\/categories?post=25886"},{"taxonomy":"post_tag","embeddable":true,"href":"https:\/\/reanpackaging.com\/sv\/wp-json\/wp\/v2\/tags?post=25886"}],"curies":[{"name":"wp","href":"https:\/\/api.w.org\/{rel}","templated":true}]}}